{"id":2029,"date":"2026-04-29T11:47:25","date_gmt":"2026-04-29T09:47:25","guid":{"rendered":"https:\/\/cambre-expo.be\/?p=2029"},"modified":"2026-04-29T16:55:31","modified_gmt":"2026-04-29T14:55:31","slug":"yogasessies-op-woensdag-20-mei-2026","status":"publish","type":"post","link":"https:\/\/cambre-expo.be\/nl\/sessions-de-yoga-du-mercredi-20-mai-2026\/","title":{"rendered":"Yogasessies op woensdag 20 mei 2026"},"content":{"rendered":"<div data-elementor-type=\"wp-post\" data-elementor-id=\"2029\" class=\"elementor elementor-2029\" data-elementor-post-type=\"post\">\n\t\t\t\t<div class=\"elementor-element elementor-element-eadf4cd e-flex e-con-boxed e-con e-parent\" data-id=\"eadf4cd\" data-element_type=\"container\" data-e-type=\"container\" data-settings=\"{&quot;jet_parallax_layout_list&quot;:[]}\">\n\t\t\t\t\t<div class=\"e-con-inner\">\n\t\t\t\t<div class=\"elementor-element elementor-element-d78fc10 elementor-widget-tablet__width-initial elementor-widget elementor-widget-heading\" data-id=\"d78fc10\" data-element_type=\"widget\" data-e-type=\"widget\" data-widget_type=\"heading.default\">\n\t\t\t\t\t<h1 class=\"elementor-heading-title elementor-size-default\">Yogasessies op woensdag 20 mei 2026<\/h1>\t\t\t\t<\/div>\n\t\t\t\t<div class=\"elementor-element elementor-element-56d0bad elementor-align-center elementor-widget elementor-widget-breadcrumbs\" data-id=\"56d0bad\" data-element_type=\"widget\" data-e-type=\"widget\" data-widget_type=\"breadcrumbs.default\">\n\t\t\t\t\t<p id=\"breadcrumbs\"><span><span><a href=\"https:\/\/cambre-expo.be\/nl\/\">Home<\/a><\/span><\/span><\/p>\t\t\t\t<\/div>\n\t\t\t\t\t<\/div>\n\t\t\t\t<\/div>\n\t\t<div class=\"elementor-element elementor-element-d1d2ac5 e-flex e-con-boxed e-con e-parent\" data-id=\"d1d2ac5\" data-element_type=\"container\" data-e-type=\"container\" data-settings=\"{&quot;jet_parallax_layout_list&quot;:[]}\">\n\t\t\t\t\t<div class=\"e-con-inner\">\n\t\t<div class=\"elementor-element elementor-element-4141e36 e-grid e-con-full e-con e-child\" data-id=\"4141e36\" data-element_type=\"container\" data-e-type=\"container\" data-settings=\"{&quot;jet_parallax_layout_list&quot;:[]}\">\n\t\t<div class=\"elementor-element elementor-element-b39ddc3 e-con-full e-flex e-con e-child\" data-id=\"b39ddc3\" data-element_type=\"container\" data-e-type=\"container\" data-settings=\"{&quot;jet_parallax_layout_list&quot;:[]}\">\n\t\t\t\t<div class=\"elementor-element elementor-element-8cc5398 elementor-widget elementor-widget-heading\" data-id=\"8cc5398\" data-element_type=\"widget\" data-e-type=\"widget\" data-widget_type=\"heading.default\">\n\t\t\t\t\t<h2 class=\"elementor-heading-title elementor-size-default\"><b>Goedemorgen:<\/b> 7.30 - 8.30<\/h2>\t\t\t\t<\/div>\n\t\t\t\t<div class=\"elementor-element elementor-element-e366c60 elementor-widget elementor-widget-button\" data-id=\"e366c60\" data-element_type=\"widget\" data-e-type=\"widget\" data-widget_type=\"button.default\">\n\t\t\t\t\t\t\t\t\t\t<a class=\"elementor-button elementor-button-link elementor-size-sm\" href=\"https:\/\/cambre-expo.be\/nl\/evevenent\/cours-de-yoga-mercredi-20-mai-2026-7h30-8h30\/\" target=\"_blank\">\n\t\t\t\t\t\t<span class=\"elementor-button-content-wrapper\">\n\t\t\t\t\t\t\t\t\t<span class=\"elementor-button-text\">Online boeken<\/span>\n\t\t\t\t\t<\/span>\n\t\t\t\t\t<\/a>\n\t\t\t\t\t\t\t\t<\/div>\n\t\t\t\t<\/div>\n\t\t<div class=\"elementor-element elementor-element-8713e49 e-con-full e-flex e-con e-child\" data-id=\"8713e49\" data-element_type=\"container\" data-e-type=\"container\" data-settings=\"{&quot;jet_parallax_layout_list&quot;:[]}\">\n\t\t\t\t<div class=\"elementor-element elementor-element-5fa07af elementor-widget elementor-widget-heading\" data-id=\"5fa07af\" data-element_type=\"widget\" data-e-type=\"widget\" data-widget_type=\"heading.default\">\n\t\t\t\t\t<h2 class=\"elementor-heading-title elementor-size-default\"><b>Lunchtijd :<\/b> 12.30 - 13.30<\/h2>\t\t\t\t<\/div>\n\t\t\t\t<div class=\"elementor-element elementor-element-655c1dd elementor-widget elementor-widget-button\" data-id=\"655c1dd\" data-element_type=\"widget\" data-e-type=\"widget\" data-widget_type=\"button.default\">\n\t\t\t\t\t\t\t\t\t\t<a class=\"elementor-button elementor-button-link elementor-size-sm\" href=\"https:\/\/cambre-expo.be\/nl\/evevenent\/cours-de-yoga-mercredi-20-mai-2026-12h30-13h30\/\" target=\"_blank\">\n\t\t\t\t\t\t<span class=\"elementor-button-content-wrapper\">\n\t\t\t\t\t\t\t\t\t<span class=\"elementor-button-text\">Online boeken<\/span>\n\t\t\t\t\t<\/span>\n\t\t\t\t\t<\/a>\n\t\t\t\t\t\t\t\t<\/div>\n\t\t\t\t<\/div>\n\t\t<div class=\"elementor-element elementor-element-192c3ed e-con-full e-flex e-con e-child\" data-id=\"192c3ed\" data-element_type=\"container\" data-e-type=\"container\" data-settings=\"{&quot;jet_parallax_layout_list&quot;:[]}\">\n\t\t\t\t<div class=\"elementor-element elementor-element-b6b9a4a elementor-widget elementor-widget-heading\" data-id=\"b6b9a4a\" data-element_type=\"widget\" data-e-type=\"widget\" data-widget_type=\"heading.default\">\n\t\t\t\t\t<h2 class=\"elementor-heading-title elementor-size-default\"><b>s Avonds:<\/b> 19.00 - 20.00 uur<\/h2>\t\t\t\t<\/div>\n\t\t\t\t<div class=\"elementor-element elementor-element-e10a4bb elementor-widget elementor-widget-button\" data-id=\"e10a4bb\" data-element_type=\"widget\" data-e-type=\"widget\" data-widget_type=\"button.default\">\n\t\t\t\t\t\t\t\t\t\t<a class=\"elementor-button elementor-button-link elementor-size-sm\" href=\"https:\/\/cambre-expo.be\/nl\/evevenent\/cours-de-yoga-mercredi-20-mai-2026-19h-20h\/\" target=\"_blank\">\n\t\t\t\t\t\t<span class=\"elementor-button-content-wrapper\">\n\t\t\t\t\t\t\t\t\t<span class=\"elementor-button-text\">Online boeken<\/span>\n\t\t\t\t\t<\/span>\n\t\t\t\t\t<\/a>\n\t\t\t\t\t\t\t\t<\/div>\n\t\t\t\t<\/div>\n\t\t\t\t<\/div>\n\t\t\t\t\t<\/div>\n\t\t\t\t<\/div>\n\t\t<div class=\"elementor-element elementor-element-1db472b e-flex e-con-boxed e-con e-parent\" data-id=\"1db472b\" data-element_type=\"container\" data-e-type=\"container\" data-settings=\"{&quot;background_background&quot;:&quot;classic&quot;,&quot;jet_parallax_layout_list&quot;:[]}\">\n\t\t\t\t\t<div class=\"e-con-inner\">\n\t\t<div class=\"elementor-element elementor-element-491bf86 e-con-full e-flex e-con e-child\" data-id=\"491bf86\" data-element_type=\"container\" data-e-type=\"container\" data-settings=\"{&quot;jet_parallax_layout_list&quot;:[]}\">\n\t\t\t\t<div class=\"elementor-element elementor-element-876feaf elementor-widget elementor-widget-text-editor\" data-id=\"876feaf\" data-element_type=\"widget\" data-e-type=\"widget\" data-widget_type=\"text-editor.default\">\n\t\t\t\t\t\t\t\t\t<p data-start=\"99\" data-end=\"252\">De lessen stimuleren een verbinding met het lichaam door middel van ademhaling en beweging - niet met het idee van presteren, maar van luisteren en voelen.<\/p><p data-start=\"254\" data-end=\"429\">- Alle niveaus welkom, ook beginners<br data-start=\"316\" data-end=\"319\" \/>- Ervaring met yoga is niet nodig<br data-start=\"373\" data-end=\"376\" \/>- Opties en variaties zijn altijd beschikbaar<\/p><p data-start=\"431\" data-end=\"829\"><strong data-start=\"431\" data-end=\"447\">Ochtend Yoga<\/strong> <em data-start=\"448\" data-end=\"479\">(intensiteit: licht tot matig)<\/em> :<br data-start=\"481\" data-end=\"484\" \/>Deze sessie richt zich op het zachtjes ontwaken van het lichaam door langzame, bewuste overgangen, lichte spierversterking en ruime stretching. Je kunt zonnegroeten, eenvoudige balanshoudingen en momenten van stilte verwachten om de dag kalm en energiek te beginnen.<\/p><p data-start=\"831\" data-end=\"1263\"><strong data-start=\"831\" data-end=\"853\">Avond Hatha Flow<\/strong> <em data-start=\"854\" data-end=\"877\">(intensiteit: matig)<\/em> :<br data-start=\"879\" data-end=\"882\" \/>De avondles biedt ruimte om te ontspannen en spanning los te laten. De lessen zijn afwisselend langzaam en iets dynamischer en stimuleren mobiliteit, flexibiliteit, kracht en concentratie. Een verscheidenheid aan houdingen - zittend, staand en balancerend - zorgt voor een zachte uitdaging, altijd met opties voor verschillende niveaus.<\/p><p data-start=\"831\" data-end=\"1263\">Voor wie dat wil, zijn er matrassen, blokken en strepen beschikbaar.<\/p>\t\t\t\t\t\t\t\t<\/div>\n\t\t\t\t<\/div>\n\t\t<div class=\"elementor-element elementor-element-7473096 e-con-full e-flex e-con e-child\" data-id=\"7473096\" data-element_type=\"container\" data-e-type=\"container\" data-settings=\"{&quot;jet_parallax_layout_list&quot;:[]}\">\n\t\t\t\t<div class=\"elementor-element elementor-element-db664de elementor-widget elementor-widget-image\" data-id=\"db664de\" data-element_type=\"widget\" data-e-type=\"widget\" data-widget_type=\"image.default\">\n\t\t\t\t\t\t\t\t\t\t\t\t\t\t\t<img fetchpriority=\"high\" decoding=\"async\" width=\"723\" height=\"1024\" src=\"https:\/\/cambre-expo.be\/wp-content\/uploads\/2026\/04\/FR-gribaumont-sans-date-de-depart-723x1024.png\" class=\"attachment-large size-large wp-image-2072\" alt=\"\" srcset=\"https:\/\/cambre-expo.be\/wp-content\/uploads\/2026\/04\/FR-gribaumont-sans-date-de-depart-723x1024.png 723w, https:\/\/cambre-expo.be\/wp-content\/uploads\/2026\/04\/FR-gribaumont-sans-date-de-depart-212x300.png 212w, https:\/\/cambre-expo.be\/wp-content\/uploads\/2026\/04\/FR-gribaumont-sans-date-de-depart-768x1087.png 768w, https:\/\/cambre-expo.be\/wp-content\/uploads\/2026\/04\/FR-gribaumont-sans-date-de-depart-8x12.png 8w, https:\/\/cambre-expo.be\/wp-content\/uploads\/2026\/04\/FR-gribaumont-sans-date-de-depart.png 1054w\" sizes=\"(max-width: 723px) 100vw, 723px\" \/>\t\t\t\t\t\t\t\t\t\t\t\t\t\t\t<\/div>\n\t\t\t\t<\/div>\n\t\t\t\t\t<\/div>\n\t\t\t\t<\/div>\n\t\t\t\t<\/div>","protected":false},"excerpt":{"rendered":"<p>Matin : 7h30 &#8211; 8h30 R\u00e9server en ligne Midi : 12h30 &#8211; 13h30 R\u00e9server en ligne Soir : 19h &#8211; 20h R\u00e9server en ligne Les cours encouragent une connexion au [&hellip;]<\/p>\n","protected":false},"author":2,"featured_media":2072,"comment_status":"closed","ping_status":"closed","sticky":false,"template":"elementor_header_footer","format":"standard","meta":{"_price":"","_stock":"","_tribe_ticket_header":"","_tribe_default_ticket_provider":"","_tribe_ticket_capacity":"0","_ticket_start_date":"","_ticket_end_date":"","_tribe_ticket_show_description":"","_tribe_ticket_show_not_going":false,"_tribe_ticket_use_global_stock":"","_tribe_ticket_global_stock_level":"","_global_stock_mode":"","_global_stock_cap":"","_tribe_rsvp_for_event":"","_tribe_ticket_going_count":"","_tribe_ticket_not_going_count":"","_tribe_tickets_list":"[]","_tribe_ticket_has_attendee_info_fields":false,"footnotes":""},"categories":[34,23],"tags":[],"class_list":["post-2029","post","type-post","status-publish","format-standard","has-post-thumbnail","hentry","category-yoga","category-futurs"],"yoast_head":"<!-- This site is optimized with the Yoast SEO plugin v27.5 - https:\/\/yoast.com\/product\/yoast-seo-wordpress\/ -->\n<title>Sessions de yoga du mercredi 20 mai 2026 - Cambre Expo<\/title>\n<meta name=\"robots\" content=\"index, follow, max-snippet:-1, max-image-preview:large, max-video-preview:-1\" \/>\n<link rel=\"canonical\" href=\"https:\/\/cambre-expo.be\/nl\/yogasessies-op-woensdag-20-mei-2026\/\" \/>\n<meta property=\"og:locale\" content=\"nl_BE\" \/>\n<meta property=\"og:type\" content=\"article\" \/>\n<meta property=\"og:title\" content=\"Sessions de yoga du mercredi 20 mai 2026 - Cambre Expo\" \/>\n<meta property=\"og:description\" content=\"Matin : 7h30 &#8211; 8h30 R\u00e9server en ligne Midi : 12h30 &#8211; 13h30 R\u00e9server en ligne Soir : 19h &#8211; 20h R\u00e9server en ligne Les cours encouragent une connexion au [&hellip;]\" \/>\n<meta property=\"og:url\" content=\"https:\/\/cambre-expo.be\/nl\/yogasessies-op-woensdag-20-mei-2026\/\" \/>\n<meta property=\"og:site_name\" content=\"Cambre Expo\" \/>\n<meta property=\"article:published_time\" content=\"2026-04-29T09:47:25+00:00\" \/>\n<meta property=\"article:modified_time\" content=\"2026-04-29T14:55:31+00:00\" \/>\n<meta property=\"og:image\" content=\"https:\/\/cambre-expo.be\/wp-content\/uploads\/2026\/04\/FR-gribaumont-sans-date-de-depart-723x1024.png\" \/>\n\t<meta property=\"og:image:width\" content=\"723\" \/>\n\t<meta property=\"og:image:height\" content=\"1024\" \/>\n\t<meta property=\"og:image:type\" content=\"image\/png\" \/>\n<meta name=\"author\" content=\"Yohann\" \/>\n<meta name=\"twitter:card\" content=\"summary_large_image\" \/>\n<meta name=\"twitter:label1\" content=\"Geschreven door\" \/>\n\t<meta name=\"twitter:data1\" content=\"Yohann\" \/>\n\t<meta name=\"twitter:label2\" content=\"Geschatte leestijd\" \/>\n\t<meta name=\"twitter:data2\" content=\"2 minuten\" \/>\n<script type=\"application\/ld+json\" class=\"yoast-schema-graph\">{\"@context\":\"https:\\\/\\\/schema.org\",\"@graph\":[{\"@type\":\"Article\",\"@id\":\"https:\\\/\\\/cambre-expo.be\\\/sessions-de-yoga-du-mercredi-20-mai-2026\\\/#article\",\"isPartOf\":{\"@id\":\"https:\\\/\\\/cambre-expo.be\\\/sessions-de-yoga-du-mercredi-20-mai-2026\\\/\"},\"author\":{\"name\":\"Yohann\",\"@id\":\"https:\\\/\\\/cambre-expo.be\\\/#\\\/schema\\\/person\\\/fbe5eb4b015c6e2f14f9993c29ef9023\"},\"headline\":\"Sessions de yoga du mercredi 20 mai 2026\",\"datePublished\":\"2026-04-29T09:47:25+00:00\",\"dateModified\":\"2026-04-29T14:55:31+00:00\",\"mainEntityOfPage\":{\"@id\":\"https:\\\/\\\/cambre-expo.be\\\/sessions-de-yoga-du-mercredi-20-mai-2026\\\/\"},\"wordCount\":244,\"image\":{\"@id\":\"https:\\\/\\\/cambre-expo.be\\\/sessions-de-yoga-du-mercredi-20-mai-2026\\\/#primaryimage\"},\"thumbnailUrl\":\"https:\\\/\\\/cambre-expo.be\\\/wp-content\\\/uploads\\\/2026\\\/04\\\/FR-gribaumont-sans-date-de-depart.png\",\"articleSection\":[\"Yoga\",\"Futurs\"],\"inLanguage\":\"nl-BE\"},{\"@type\":\"WebPage\",\"@id\":\"https:\\\/\\\/cambre-expo.be\\\/sessions-de-yoga-du-mercredi-20-mai-2026\\\/\",\"url\":\"https:\\\/\\\/cambre-expo.be\\\/sessions-de-yoga-du-mercredi-20-mai-2026\\\/\",\"name\":\"Sessions de yoga du mercredi 20 mai 2026 - Cambre Expo\",\"isPartOf\":{\"@id\":\"https:\\\/\\\/cambre-expo.be\\\/#website\"},\"primaryImageOfPage\":{\"@id\":\"https:\\\/\\\/cambre-expo.be\\\/sessions-de-yoga-du-mercredi-20-mai-2026\\\/#primaryimage\"},\"image\":{\"@id\":\"https:\\\/\\\/cambre-expo.be\\\/sessions-de-yoga-du-mercredi-20-mai-2026\\\/#primaryimage\"},\"thumbnailUrl\":\"https:\\\/\\\/cambre-expo.be\\\/wp-content\\\/uploads\\\/2026\\\/04\\\/FR-gribaumont-sans-date-de-depart.png\",\"datePublished\":\"2026-04-29T09:47:25+00:00\",\"dateModified\":\"2026-04-29T14:55:31+00:00\",\"author\":{\"@id\":\"https:\\\/\\\/cambre-expo.be\\\/#\\\/schema\\\/person\\\/fbe5eb4b015c6e2f14f9993c29ef9023\"},\"breadcrumb\":{\"@id\":\"https:\\\/\\\/cambre-expo.be\\\/sessions-de-yoga-du-mercredi-20-mai-2026\\\/#breadcrumb\"},\"inLanguage\":\"nl-BE\",\"potentialAction\":[{\"@type\":\"ReadAction\",\"target\":[\"https:\\\/\\\/cambre-expo.be\\\/sessions-de-yoga-du-mercredi-20-mai-2026\\\/\"]}]},{\"@type\":\"ImageObject\",\"inLanguage\":\"nl-BE\",\"@id\":\"https:\\\/\\\/cambre-expo.be\\\/sessions-de-yoga-du-mercredi-20-mai-2026\\\/#primaryimage\",\"url\":\"https:\\\/\\\/cambre-expo.be\\\/wp-content\\\/uploads\\\/2026\\\/04\\\/FR-gribaumont-sans-date-de-depart.png\",\"contentUrl\":\"https:\\\/\\\/cambre-expo.be\\\/wp-content\\\/uploads\\\/2026\\\/04\\\/FR-gribaumont-sans-date-de-depart.png\",\"width\":1054,\"height\":1492},{\"@type\":\"BreadcrumbList\",\"@id\":\"https:\\\/\\\/cambre-expo.be\\\/sessions-de-yoga-du-mercredi-20-mai-2026\\\/#breadcrumb\",\"itemListElement\":[{\"@type\":\"ListItem\",\"position\":1,\"name\":\"Accueil\",\"item\":\"https:\\\/\\\/cambre-expo.be\\\/\"},{\"@type\":\"ListItem\",\"position\":2,\"name\":\"Sessions de yoga du mercredi 20 mai 2026\"}]},{\"@type\":\"WebSite\",\"@id\":\"https:\\\/\\\/cambre-expo.be\\\/#website\",\"url\":\"https:\\\/\\\/cambre-expo.be\\\/\",\"name\":\"Cambre Expo\",\"description\":\"\",\"potentialAction\":[{\"@type\":\"SearchAction\",\"target\":{\"@type\":\"EntryPoint\",\"urlTemplate\":\"https:\\\/\\\/cambre-expo.be\\\/?s={search_term_string}\"},\"query-input\":{\"@type\":\"PropertyValueSpecification\",\"valueRequired\":true,\"valueName\":\"search_term_string\"}}],\"inLanguage\":\"nl-BE\"},{\"@type\":\"Person\",\"@id\":\"https:\\\/\\\/cambre-expo.be\\\/#\\\/schema\\\/person\\\/fbe5eb4b015c6e2f14f9993c29ef9023\",\"name\":\"Yohann\",\"image\":{\"@type\":\"ImageObject\",\"inLanguage\":\"nl-BE\",\"@id\":\"https:\\\/\\\/secure.gravatar.com\\\/avatar\\\/e2c7d4f307c64f5e28c5713c4ca47d5dcd97e9748a7314baee7c859075f33bbf?s=96&d=mm&r=g\",\"url\":\"https:\\\/\\\/secure.gravatar.com\\\/avatar\\\/e2c7d4f307c64f5e28c5713c4ca47d5dcd97e9748a7314baee7c859075f33bbf?s=96&d=mm&r=g\",\"contentUrl\":\"https:\\\/\\\/secure.gravatar.com\\\/avatar\\\/e2c7d4f307c64f5e28c5713c4ca47d5dcd97e9748a7314baee7c859075f33bbf?s=96&d=mm&r=g\",\"caption\":\"Yohann\"},\"url\":\"https:\\\/\\\/cambre-expo.be\\\/nl\\\/author\\\/yohann\\\/\"}]}<\/script>\n<!-- \/ Yoast SEO plugin. -->","yoast_head_json":{"title":"Yogasessies op woensdag 20 mei 2026 - Cambre Expo","robots":{"index":"index","follow":"follow","max-snippet":"max-snippet:-1","max-image-preview":"max-image-preview:large","max-video-preview":"max-video-preview:-1"},"canonical":"https:\/\/cambre-expo.be\/nl\/yogasessies-op-woensdag-20-mei-2026\/","og_locale":"nl_BE","og_type":"article","og_title":"Sessions de yoga du mercredi 20 mai 2026 - Cambre Expo","og_description":"Matin : 7h30 &#8211; 8h30 R\u00e9server en ligne Midi : 12h30 &#8211; 13h30 R\u00e9server en ligne Soir : 19h &#8211; 20h R\u00e9server en ligne Les cours encouragent une connexion au [&hellip;]","og_url":"https:\/\/cambre-expo.be\/nl\/yogasessies-op-woensdag-20-mei-2026\/","og_site_name":"Cambre Expo","article_published_time":"2026-04-29T09:47:25+00:00","article_modified_time":"2026-04-29T14:55:31+00:00","og_image":[{"width":723,"height":1024,"url":"https:\/\/cambre-expo.be\/wp-content\/uploads\/2026\/04\/FR-gribaumont-sans-date-de-depart-723x1024.png","type":"image\/png"}],"author":"Yohann","twitter_card":"summary_large_image","twitter_misc":{"Geschreven door":"Yohann","Geschatte leestijd":"2 minuten"},"schema":{"@context":"https:\/\/schema.org","@graph":[{"@type":"Article","@id":"https:\/\/cambre-expo.be\/sessions-de-yoga-du-mercredi-20-mai-2026\/#article","isPartOf":{"@id":"https:\/\/cambre-expo.be\/sessions-de-yoga-du-mercredi-20-mai-2026\/"},"author":{"name":"Yohann","@id":"https:\/\/cambre-expo.be\/#\/schema\/person\/fbe5eb4b015c6e2f14f9993c29ef9023"},"headline":"Sessions de yoga du mercredi 20 mai 2026","datePublished":"2026-04-29T09:47:25+00:00","dateModified":"2026-04-29T14:55:31+00:00","mainEntityOfPage":{"@id":"https:\/\/cambre-expo.be\/sessions-de-yoga-du-mercredi-20-mai-2026\/"},"wordCount":244,"image":{"@id":"https:\/\/cambre-expo.be\/sessions-de-yoga-du-mercredi-20-mai-2026\/#primaryimage"},"thumbnailUrl":"https:\/\/cambre-expo.be\/wp-content\/uploads\/2026\/04\/FR-gribaumont-sans-date-de-depart.png","articleSection":["Yoga","Futurs"],"inLanguage":"nl-BE"},{"@type":"WebPage","@id":"https:\/\/cambre-expo.be\/sessions-de-yoga-du-mercredi-20-mai-2026\/","url":"https:\/\/cambre-expo.be\/sessions-de-yoga-du-mercredi-20-mai-2026\/","name":"Yogasessies op woensdag 20 mei 2026 - Cambre Expo","isPartOf":{"@id":"https:\/\/cambre-expo.be\/#website"},"primaryImageOfPage":{"@id":"https:\/\/cambre-expo.be\/sessions-de-yoga-du-mercredi-20-mai-2026\/#primaryimage"},"image":{"@id":"https:\/\/cambre-expo.be\/sessions-de-yoga-du-mercredi-20-mai-2026\/#primaryimage"},"thumbnailUrl":"https:\/\/cambre-expo.be\/wp-content\/uploads\/2026\/04\/FR-gribaumont-sans-date-de-depart.png","datePublished":"2026-04-29T09:47:25+00:00","dateModified":"2026-04-29T14:55:31+00:00","author":{"@id":"https:\/\/cambre-expo.be\/#\/schema\/person\/fbe5eb4b015c6e2f14f9993c29ef9023"},"breadcrumb":{"@id":"https:\/\/cambre-expo.be\/sessions-de-yoga-du-mercredi-20-mai-2026\/#breadcrumb"},"inLanguage":"nl-BE","potentialAction":[{"@type":"ReadAction","target":["https:\/\/cambre-expo.be\/sessions-de-yoga-du-mercredi-20-mai-2026\/"]}]},{"@type":"ImageObject","inLanguage":"nl-BE","@id":"https:\/\/cambre-expo.be\/sessions-de-yoga-du-mercredi-20-mai-2026\/#primaryimage","url":"https:\/\/cambre-expo.be\/wp-content\/uploads\/2026\/04\/FR-gribaumont-sans-date-de-depart.png","contentUrl":"https:\/\/cambre-expo.be\/wp-content\/uploads\/2026\/04\/FR-gribaumont-sans-date-de-depart.png","width":1054,"height":1492},{"@type":"BreadcrumbList","@id":"https:\/\/cambre-expo.be\/sessions-de-yoga-du-mercredi-20-mai-2026\/#breadcrumb","itemListElement":[{"@type":"ListItem","position":1,"name":"Accueil","item":"https:\/\/cambre-expo.be\/"},{"@type":"ListItem","position":2,"name":"Sessions de yoga du mercredi 20 mai 2026"}]},{"@type":"WebSite","@id":"https:\/\/cambre-expo.be\/#website","url":"https:\/\/cambre-expo.be\/","name":"Cambre Expo","description":"","potentialAction":[{"@type":"SearchAction","target":{"@type":"EntryPoint","urlTemplate":"https:\/\/cambre-expo.be\/?s={search_term_string}"},"query-input":{"@type":"PropertyValueSpecification","valueRequired":true,"valueName":"search_term_string"}}],"inLanguage":"nl-BE"},{"@type":"Person","@id":"https:\/\/cambre-expo.be\/#\/schema\/person\/fbe5eb4b015c6e2f14f9993c29ef9023","name":"Yohann","image":{"@type":"ImageObject","inLanguage":"nl-BE","@id":"https:\/\/secure.gravatar.com\/avatar\/e2c7d4f307c64f5e28c5713c4ca47d5dcd97e9748a7314baee7c859075f33bbf?s=96&d=mm&r=g","url":"https:\/\/secure.gravatar.com\/avatar\/e2c7d4f307c64f5e28c5713c4ca47d5dcd97e9748a7314baee7c859075f33bbf?s=96&d=mm&r=g","contentUrl":"https:\/\/secure.gravatar.com\/avatar\/e2c7d4f307c64f5e28c5713c4ca47d5dcd97e9748a7314baee7c859075f33bbf?s=96&d=mm&r=g","caption":"Yohann"},"url":"https:\/\/cambre-expo.be\/nl\/author\/yohann\/"}]}},"_links":{"self":[{"href":"https:\/\/cambre-expo.be\/nl\/wp-json\/wp\/v2\/posts\/2029","targetHints":{"allow":["GET"]}}],"collection":[{"href":"https:\/\/cambre-expo.be\/nl\/wp-json\/wp\/v2\/posts"}],"about":[{"href":"https:\/\/cambre-expo.be\/nl\/wp-json\/wp\/v2\/types\/post"}],"author":[{"embeddable":true,"href":"https:\/\/cambre-expo.be\/nl\/wp-json\/wp\/v2\/users\/2"}],"replies":[{"embeddable":true,"href":"https:\/\/cambre-expo.be\/nl\/wp-json\/wp\/v2\/comments?post=2029"}],"version-history":[{"count":18,"href":"https:\/\/cambre-expo.be\/nl\/wp-json\/wp\/v2\/posts\/2029\/revisions"}],"predecessor-version":[{"id":2064,"href":"https:\/\/cambre-expo.be\/nl\/wp-json\/wp\/v2\/posts\/2029\/revisions\/2064"}],"wp:featuredmedia":[{"embeddable":true,"href":"https:\/\/cambre-expo.be\/nl\/wp-json\/wp\/v2\/media\/2072"}],"wp:attachment":[{"href":"https:\/\/cambre-expo.be\/nl\/wp-json\/wp\/v2\/media?parent=2029"}],"wp:term":[{"taxonomy":"category","embeddable":true,"href":"https:\/\/cambre-expo.be\/nl\/wp-json\/wp\/v2\/categories?post=2029"},{"taxonomy":"post_tag","embeddable":true,"href":"https:\/\/cambre-expo.be\/nl\/wp-json\/wp\/v2\/tags?post=2029"}],"curies":[{"name":"wp","href":"https:\/\/api.w.org\/{rel}","templated":true}]}}