{"id":1923,"date":"2026-04-22T14:53:43","date_gmt":"2026-04-22T12:53:43","guid":{"rendered":"https:\/\/cambre-expo.be\/?p=1923"},"modified":"2026-04-29T11:56:01","modified_gmt":"2026-04-29T09:56:01","slug":"yoga-sessions-on-wednesday-13-may-2026","status":"publish","type":"post","link":"https:\/\/cambre-expo.be\/en\/sessions-de-yoga-du-mercredi-13-mai-2026\/","title":{"rendered":"Yoga sessions on Wednesday 13 May 2026"},"content":{"rendered":"<div data-elementor-type=\"wp-post\" data-elementor-id=\"1923\" class=\"elementor elementor-1923\" data-elementor-post-type=\"post\">\n\t\t\t\t<div class=\"elementor-element elementor-element-eadf4cd e-flex e-con-boxed e-con e-parent\" data-id=\"eadf4cd\" data-element_type=\"container\" data-e-type=\"container\" data-settings=\"{&quot;jet_parallax_layout_list&quot;:[]}\">\n\t\t\t\t\t<div class=\"e-con-inner\">\n\t\t\t\t<div class=\"elementor-element elementor-element-d78fc10 elementor-widget elementor-widget-heading\" data-id=\"d78fc10\" data-element_type=\"widget\" data-e-type=\"widget\" data-widget_type=\"heading.default\">\n\t\t\t\t\t<h1 class=\"elementor-heading-title elementor-size-default\">Yoga sessions on Wednesday 13 May 2026<\/h1>\t\t\t\t<\/div>\n\t\t\t\t<div class=\"elementor-element elementor-element-56d0bad elementor-align-center elementor-widget elementor-widget-breadcrumbs\" data-id=\"56d0bad\" data-element_type=\"widget\" data-e-type=\"widget\" data-widget_type=\"breadcrumbs.default\">\n\t\t\t\t\t<p id=\"breadcrumbs\"><span><span><a href=\"https:\/\/cambre-expo.be\/en\/\">Home<\/a><\/span><\/span><\/p>\t\t\t\t<\/div>\n\t\t\t\t\t<\/div>\n\t\t\t\t<\/div>\n\t\t<div class=\"elementor-element elementor-element-9de68c4 e-flex e-con-boxed e-con e-parent\" data-id=\"9de68c4\" data-element_type=\"container\" data-e-type=\"container\" data-settings=\"{&quot;jet_parallax_layout_list&quot;:[]}\">\n\t\t\t\t\t<div class=\"e-con-inner\">\n\t\t<div class=\"elementor-element elementor-element-542f8ee e-grid e-con-full e-con e-child\" data-id=\"542f8ee\" data-element_type=\"container\" data-e-type=\"container\" data-settings=\"{&quot;jet_parallax_layout_list&quot;:[]}\">\n\t\t<div class=\"elementor-element elementor-element-7f61931 e-con-full e-flex e-con e-child\" data-id=\"7f61931\" data-element_type=\"container\" data-e-type=\"container\" data-settings=\"{&quot;jet_parallax_layout_list&quot;:[]}\">\n\t\t\t\t<div class=\"elementor-element elementor-element-9a13512 elementor-widget elementor-widget-heading\" data-id=\"9a13512\" data-element_type=\"widget\" data-e-type=\"widget\" data-widget_type=\"heading.default\">\n\t\t\t\t\t<h2 class=\"elementor-heading-title elementor-size-default\"><b>Morning:<\/b> 7.30am - 8.30am<\/h2>\t\t\t\t<\/div>\n\t\t\t\t<div class=\"elementor-element elementor-element-7609ff5 elementor-widget elementor-widget-button\" data-id=\"7609ff5\" data-element_type=\"widget\" data-e-type=\"widget\" data-widget_type=\"button.default\">\n\t\t\t\t\t\t\t\t\t\t<a class=\"elementor-button elementor-button-link elementor-size-sm\" href=\"https:\/\/cambre-expo.be\/en\/evevenent\/yoga-class-wednesday-13-may-2026-7-30am-8-30am\/\" target=\"_blank\">\n\t\t\t\t\t\t<span class=\"elementor-button-content-wrapper\">\n\t\t\t\t\t\t\t\t\t<span class=\"elementor-button-text\">Book online<\/span>\n\t\t\t\t\t<\/span>\n\t\t\t\t\t<\/a>\n\t\t\t\t\t\t\t\t<\/div>\n\t\t\t\t<\/div>\n\t\t<div class=\"elementor-element elementor-element-ba8d35b e-con-full e-flex e-con e-child\" data-id=\"ba8d35b\" data-element_type=\"container\" data-e-type=\"container\" data-settings=\"{&quot;jet_parallax_layout_list&quot;:[]}\">\n\t\t\t\t<div class=\"elementor-element elementor-element-1035869 elementor-widget elementor-widget-heading\" data-id=\"1035869\" data-element_type=\"widget\" data-e-type=\"widget\" data-widget_type=\"heading.default\">\n\t\t\t\t\t<h2 class=\"elementor-heading-title elementor-size-default\"><b>Lunchtime :<\/b> 12.30pm - 1.30pm<\/h2>\t\t\t\t<\/div>\n\t\t\t\t<div class=\"elementor-element elementor-element-c7d8b75 elementor-widget elementor-widget-button\" data-id=\"c7d8b75\" data-element_type=\"widget\" data-e-type=\"widget\" data-widget_type=\"button.default\">\n\t\t\t\t\t\t\t\t\t\t<a class=\"elementor-button elementor-button-link elementor-size-sm\" href=\"https:\/\/cambre-expo.be\/en\/evevenent\/yoga-class-wednesday-13-may-2026-12-30pm-1-30pm\/\" target=\"_blank\">\n\t\t\t\t\t\t<span class=\"elementor-button-content-wrapper\">\n\t\t\t\t\t\t\t\t\t<span class=\"elementor-button-text\">Book online<\/span>\n\t\t\t\t\t<\/span>\n\t\t\t\t\t<\/a>\n\t\t\t\t\t\t\t\t<\/div>\n\t\t\t\t<\/div>\n\t\t<div class=\"elementor-element elementor-element-d0320a2 e-con-full e-flex e-con e-child\" data-id=\"d0320a2\" data-element_type=\"container\" data-e-type=\"container\" data-settings=\"{&quot;jet_parallax_layout_list&quot;:[]}\">\n\t\t\t\t<div class=\"elementor-element elementor-element-5ee4fd5 elementor-widget elementor-widget-heading\" data-id=\"5ee4fd5\" data-element_type=\"widget\" data-e-type=\"widget\" data-widget_type=\"heading.default\">\n\t\t\t\t\t<h2 class=\"elementor-heading-title elementor-size-default\"><b>Evening:<\/b> 7pm - 8pm<\/h2>\t\t\t\t<\/div>\n\t\t\t\t<div class=\"elementor-element elementor-element-692b0cd elementor-widget elementor-widget-button\" data-id=\"692b0cd\" data-element_type=\"widget\" data-e-type=\"widget\" data-widget_type=\"button.default\">\n\t\t\t\t\t\t\t\t\t\t<a class=\"elementor-button elementor-button-link elementor-size-sm\" href=\"https:\/\/cambre-expo.be\/en\/evevenent\/yoga-class-wednesday-13-may-2026-7pm-8pm\/\" target=\"_blank\">\n\t\t\t\t\t\t<span class=\"elementor-button-content-wrapper\">\n\t\t\t\t\t\t\t\t\t<span class=\"elementor-button-text\">Book online<\/span>\n\t\t\t\t\t<\/span>\n\t\t\t\t\t<\/a>\n\t\t\t\t\t\t\t\t<\/div>\n\t\t\t\t<\/div>\n\t\t\t\t<\/div>\n\t\t\t\t\t<\/div>\n\t\t\t\t<\/div>\n\t\t<div class=\"elementor-element elementor-element-a51aec2 e-flex e-con-boxed e-con e-parent\" data-id=\"a51aec2\" data-element_type=\"container\" data-e-type=\"container\" data-settings=\"{&quot;background_background&quot;:&quot;classic&quot;,&quot;jet_parallax_layout_list&quot;:[]}\">\n\t\t\t\t\t<div class=\"e-con-inner\">\n\t\t<div class=\"elementor-element elementor-element-fb36272 e-con-full e-flex e-con e-child\" data-id=\"fb36272\" data-element_type=\"container\" data-e-type=\"container\" data-settings=\"{&quot;jet_parallax_layout_list&quot;:[]}\">\n\t\t\t\t<div class=\"elementor-element elementor-element-8f3e6d9 elementor-widget elementor-widget-text-editor\" data-id=\"8f3e6d9\" data-element_type=\"widget\" data-e-type=\"widget\" data-widget_type=\"text-editor.default\">\n\t\t\t\t\t\t\t\t\t<p data-start=\"99\" data-end=\"252\">The classes encourage a connection with the body through breathing and movement - not with the idea of performance, but of listening and feeling.<\/p><p data-start=\"254\" data-end=\"429\">- All levels welcome, including beginners<br data-start=\"316\" data-end=\"319\" \/>- No previous experience of yoga is necessary<br data-start=\"373\" data-end=\"376\" \/>- Options and variations are always available<\/p><p data-start=\"431\" data-end=\"829\"><strong data-start=\"431\" data-end=\"447\">Morning Yoga<\/strong> <em data-start=\"448\" data-end=\"479\">(intensity: mild to moderate)<\/em> :<br data-start=\"481\" data-end=\"484\" \/>This session focuses on gently awakening the body through slow, conscious transitions, light muscle strengthening and ample stretching. You can expect sun salutations, simple balancing postures and moments of stillness, to start the day calm and energised.<\/p><p data-start=\"831\" data-end=\"1263\"><strong data-start=\"831\" data-end=\"853\">Evening Hatha Flow<\/strong> <em data-start=\"854\" data-end=\"877\">(intensity: moderate)<\/em> :<br data-start=\"879\" data-end=\"882\" \/>The evening class offers a space to relax and release tension. Practice alternates between slow and slightly more dynamic sequences, encouraging mobility, flexibility, strength and concentration. A variety of postures - sitting, standing and balancing - provide a gentle challenge, always with options to suit different levels.<\/p><p data-start=\"831\" data-end=\"1263\">For those who wish, mattresses, blocks and stripes are available.<\/p>\t\t\t\t\t\t\t\t<\/div>\n\t\t\t\t<\/div>\n\t\t<div class=\"elementor-element elementor-element-7c1735e e-con-full e-flex e-con e-child\" data-id=\"7c1735e\" data-element_type=\"container\" data-e-type=\"container\" data-settings=\"{&quot;jet_parallax_layout_list&quot;:[]}\">\n\t\t\t\t<div class=\"elementor-element elementor-element-32b4138 elementor-widget elementor-widget-image\" data-id=\"32b4138\" data-element_type=\"widget\" data-e-type=\"widget\" data-widget_type=\"image.default\">\n\t\t\t\t\t\t\t\t\t\t\t\t\t\t\t<img fetchpriority=\"high\" decoding=\"async\" width=\"1414\" height=\"2000\" src=\"https:\/\/cambre-expo.be\/wp-content\/uploads\/2026\/04\/Yoga-affiche-FR-QR-code.png\" class=\"attachment-full size-full wp-image-1988\" alt=\"\" srcset=\"https:\/\/cambre-expo.be\/wp-content\/uploads\/2026\/04\/Yoga-affiche-FR-QR-code.png 1414w, https:\/\/cambre-expo.be\/wp-content\/uploads\/2026\/04\/Yoga-affiche-FR-QR-code-212x300.png 212w, https:\/\/cambre-expo.be\/wp-content\/uploads\/2026\/04\/Yoga-affiche-FR-QR-code-724x1024.png 724w, https:\/\/cambre-expo.be\/wp-content\/uploads\/2026\/04\/Yoga-affiche-FR-QR-code-768x1086.png 768w, https:\/\/cambre-expo.be\/wp-content\/uploads\/2026\/04\/Yoga-affiche-FR-QR-code-1086x1536.png 1086w, https:\/\/cambre-expo.be\/wp-content\/uploads\/2026\/04\/Yoga-affiche-FR-QR-code-8x12.png 8w\" sizes=\"(max-width: 1414px) 100vw, 1414px\" \/>\t\t\t\t\t\t\t\t\t\t\t\t\t\t\t<\/div>\n\t\t\t\t<\/div>\n\t\t\t\t\t<\/div>\n\t\t\t\t<\/div>\n\t\t\t\t<\/div>","protected":false},"excerpt":{"rendered":"<p>Matin : 7h30 &#8211; 8h30 R\u00e9server en ligne Midi : 12h30 &#8211; 13h30 R\u00e9server en ligne Soir : 19h &#8211; 20h R\u00e9server en ligne Les cours encouragent une connexion au [&hellip;]<\/p>\n","protected":false},"author":1,"featured_media":1988,"comment_status":"closed","ping_status":"closed","sticky":false,"template":"elementor_header_footer","format":"standard","meta":{"_price":"","_stock":"","_tribe_ticket_header":"","_tribe_default_ticket_provider":"","_tribe_ticket_capacity":"0","_ticket_start_date":"","_ticket_end_date":"","_tribe_ticket_show_description":"","_tribe_ticket_show_not_going":false,"_tribe_ticket_use_global_stock":"","_tribe_ticket_global_stock_level":"","_global_stock_mode":"","_global_stock_cap":"","_tribe_rsvp_for_event":"","_tribe_ticket_going_count":"","_tribe_ticket_not_going_count":"","_tribe_tickets_list":"[]","_tribe_ticket_has_attendee_info_fields":false,"footnotes":""},"categories":[34,23],"tags":[],"class_list":["post-1923","post","type-post","status-publish","format-standard","has-post-thumbnail","hentry","category-yoga","category-futurs"],"yoast_head":"<!-- This site is optimized with the Yoast SEO plugin v27.5 - https:\/\/yoast.com\/product\/yoast-seo-wordpress\/ -->\n<title>Sessions de yoga du mercredi 13 mai 2026 - Cambre Expo<\/title>\n<meta name=\"robots\" content=\"index, follow, max-snippet:-1, max-image-preview:large, max-video-preview:-1\" \/>\n<link rel=\"canonical\" href=\"https:\/\/cambre-expo.be\/en\/yoga-sessions-on-wednesday-13-may-2026\/\" \/>\n<meta property=\"og:locale\" content=\"en_GB\" \/>\n<meta property=\"og:type\" content=\"article\" \/>\n<meta property=\"og:title\" content=\"Sessions de yoga du mercredi 13 mai 2026 - Cambre Expo\" \/>\n<meta property=\"og:description\" content=\"Matin : 7h30 &#8211; 8h30 R\u00e9server en ligne Midi : 12h30 &#8211; 13h30 R\u00e9server en ligne Soir : 19h &#8211; 20h R\u00e9server en ligne Les cours encouragent une connexion au [&hellip;]\" \/>\n<meta property=\"og:url\" content=\"https:\/\/cambre-expo.be\/en\/yoga-sessions-on-wednesday-13-may-2026\/\" \/>\n<meta property=\"og:site_name\" content=\"Cambre Expo\" \/>\n<meta property=\"article:published_time\" content=\"2026-04-22T12:53:43+00:00\" \/>\n<meta property=\"article:modified_time\" content=\"2026-04-29T09:56:01+00:00\" \/>\n<meta property=\"og:image\" content=\"https:\/\/cambre-expo.be\/wp-content\/uploads\/2026\/04\/Yoga-affiche-FR-QR-code-724x1024.png\" \/>\n\t<meta property=\"og:image:width\" content=\"724\" \/>\n\t<meta property=\"og:image:height\" content=\"1024\" \/>\n\t<meta property=\"og:image:type\" content=\"image\/png\" \/>\n<meta name=\"author\" content=\"admin7949\" \/>\n<meta name=\"twitter:card\" content=\"summary_large_image\" \/>\n<meta name=\"twitter:label1\" content=\"Written by\" \/>\n\t<meta name=\"twitter:data1\" content=\"admin7949\" \/>\n\t<meta name=\"twitter:label2\" content=\"Estimated reading time\" \/>\n\t<meta name=\"twitter:data2\" content=\"2 minutes\" \/>\n<script type=\"application\/ld+json\" class=\"yoast-schema-graph\">{\"@context\":\"https:\\\/\\\/schema.org\",\"@graph\":[{\"@type\":\"Article\",\"@id\":\"https:\\\/\\\/cambre-expo.be\\\/sessions-de-yoga-du-mercredi-13-mai-2026\\\/#article\",\"isPartOf\":{\"@id\":\"https:\\\/\\\/cambre-expo.be\\\/sessions-de-yoga-du-mercredi-13-mai-2026\\\/\"},\"author\":{\"name\":\"admin7949\",\"@id\":\"https:\\\/\\\/cambre-expo.be\\\/#\\\/schema\\\/person\\\/5e92165cfd10e86f6376b4c2b5efc92d\"},\"headline\":\"Sessions de yoga du mercredi 13 mai 2026\",\"datePublished\":\"2026-04-22T12:53:43+00:00\",\"dateModified\":\"2026-04-29T09:56:01+00:00\",\"mainEntityOfPage\":{\"@id\":\"https:\\\/\\\/cambre-expo.be\\\/sessions-de-yoga-du-mercredi-13-mai-2026\\\/\"},\"wordCount\":244,\"image\":{\"@id\":\"https:\\\/\\\/cambre-expo.be\\\/sessions-de-yoga-du-mercredi-13-mai-2026\\\/#primaryimage\"},\"thumbnailUrl\":\"https:\\\/\\\/cambre-expo.be\\\/wp-content\\\/uploads\\\/2026\\\/04\\\/Yoga-affiche-FR-QR-code.png\",\"articleSection\":[\"Yoga\",\"Futurs\"],\"inLanguage\":\"en-GB\"},{\"@type\":\"WebPage\",\"@id\":\"https:\\\/\\\/cambre-expo.be\\\/sessions-de-yoga-du-mercredi-13-mai-2026\\\/\",\"url\":\"https:\\\/\\\/cambre-expo.be\\\/sessions-de-yoga-du-mercredi-13-mai-2026\\\/\",\"name\":\"Sessions de yoga du mercredi 13 mai 2026 - Cambre Expo\",\"isPartOf\":{\"@id\":\"https:\\\/\\\/cambre-expo.be\\\/#website\"},\"primaryImageOfPage\":{\"@id\":\"https:\\\/\\\/cambre-expo.be\\\/sessions-de-yoga-du-mercredi-13-mai-2026\\\/#primaryimage\"},\"image\":{\"@id\":\"https:\\\/\\\/cambre-expo.be\\\/sessions-de-yoga-du-mercredi-13-mai-2026\\\/#primaryimage\"},\"thumbnailUrl\":\"https:\\\/\\\/cambre-expo.be\\\/wp-content\\\/uploads\\\/2026\\\/04\\\/Yoga-affiche-FR-QR-code.png\",\"datePublished\":\"2026-04-22T12:53:43+00:00\",\"dateModified\":\"2026-04-29T09:56:01+00:00\",\"author\":{\"@id\":\"https:\\\/\\\/cambre-expo.be\\\/#\\\/schema\\\/person\\\/5e92165cfd10e86f6376b4c2b5efc92d\"},\"breadcrumb\":{\"@id\":\"https:\\\/\\\/cambre-expo.be\\\/sessions-de-yoga-du-mercredi-13-mai-2026\\\/#breadcrumb\"},\"inLanguage\":\"en-GB\",\"potentialAction\":[{\"@type\":\"ReadAction\",\"target\":[\"https:\\\/\\\/cambre-expo.be\\\/sessions-de-yoga-du-mercredi-13-mai-2026\\\/\"]}]},{\"@type\":\"ImageObject\",\"inLanguage\":\"en-GB\",\"@id\":\"https:\\\/\\\/cambre-expo.be\\\/sessions-de-yoga-du-mercredi-13-mai-2026\\\/#primaryimage\",\"url\":\"https:\\\/\\\/cambre-expo.be\\\/wp-content\\\/uploads\\\/2026\\\/04\\\/Yoga-affiche-FR-QR-code.png\",\"contentUrl\":\"https:\\\/\\\/cambre-expo.be\\\/wp-content\\\/uploads\\\/2026\\\/04\\\/Yoga-affiche-FR-QR-code.png\",\"width\":1414,\"height\":2000},{\"@type\":\"BreadcrumbList\",\"@id\":\"https:\\\/\\\/cambre-expo.be\\\/sessions-de-yoga-du-mercredi-13-mai-2026\\\/#breadcrumb\",\"itemListElement\":[{\"@type\":\"ListItem\",\"position\":1,\"name\":\"Accueil\",\"item\":\"https:\\\/\\\/cambre-expo.be\\\/\"},{\"@type\":\"ListItem\",\"position\":2,\"name\":\"Sessions de yoga du mercredi 13 mai 2026\"}]},{\"@type\":\"WebSite\",\"@id\":\"https:\\\/\\\/cambre-expo.be\\\/#website\",\"url\":\"https:\\\/\\\/cambre-expo.be\\\/\",\"name\":\"Cambre Expo\",\"description\":\"\",\"potentialAction\":[{\"@type\":\"SearchAction\",\"target\":{\"@type\":\"EntryPoint\",\"urlTemplate\":\"https:\\\/\\\/cambre-expo.be\\\/?s={search_term_string}\"},\"query-input\":{\"@type\":\"PropertyValueSpecification\",\"valueRequired\":true,\"valueName\":\"search_term_string\"}}],\"inLanguage\":\"en-GB\"},{\"@type\":\"Person\",\"@id\":\"https:\\\/\\\/cambre-expo.be\\\/#\\\/schema\\\/person\\\/5e92165cfd10e86f6376b4c2b5efc92d\",\"name\":\"admin7949\",\"image\":{\"@type\":\"ImageObject\",\"inLanguage\":\"en-GB\",\"@id\":\"https:\\\/\\\/secure.gravatar.com\\\/avatar\\\/12d0c50f3281e1116c41a04c56348d0004082b2660dcdb66310f653080ed378a?s=96&d=mm&r=g\",\"url\":\"https:\\\/\\\/secure.gravatar.com\\\/avatar\\\/12d0c50f3281e1116c41a04c56348d0004082b2660dcdb66310f653080ed378a?s=96&d=mm&r=g\",\"contentUrl\":\"https:\\\/\\\/secure.gravatar.com\\\/avatar\\\/12d0c50f3281e1116c41a04c56348d0004082b2660dcdb66310f653080ed378a?s=96&d=mm&r=g\",\"caption\":\"admin7949\"},\"sameAs\":[\"http:\\\/\\\/orrtybm.cluster100.hosting.ovh.net\"],\"url\":\"https:\\\/\\\/cambre-expo.be\\\/en\\\/author\\\/admin7949\\\/\"}]}<\/script>\n<!-- \/ Yoast SEO plugin. -->","yoast_head_json":{"title":"Yoga sessions on Wednesday 13 May 2026 - Cambre Expo","robots":{"index":"index","follow":"follow","max-snippet":"max-snippet:-1","max-image-preview":"max-image-preview:large","max-video-preview":"max-video-preview:-1"},"canonical":"https:\/\/cambre-expo.be\/en\/yoga-sessions-on-wednesday-13-may-2026\/","og_locale":"en_GB","og_type":"article","og_title":"Sessions de yoga du mercredi 13 mai 2026 - Cambre Expo","og_description":"Matin : 7h30 &#8211; 8h30 R\u00e9server en ligne Midi : 12h30 &#8211; 13h30 R\u00e9server en ligne Soir : 19h &#8211; 20h R\u00e9server en ligne Les cours encouragent une connexion au [&hellip;]","og_url":"https:\/\/cambre-expo.be\/en\/yoga-sessions-on-wednesday-13-may-2026\/","og_site_name":"Cambre Expo","article_published_time":"2026-04-22T12:53:43+00:00","article_modified_time":"2026-04-29T09:56:01+00:00","og_image":[{"width":724,"height":1024,"url":"https:\/\/cambre-expo.be\/wp-content\/uploads\/2026\/04\/Yoga-affiche-FR-QR-code-724x1024.png","type":"image\/png"}],"author":"admin7949","twitter_card":"summary_large_image","twitter_misc":{"Written by":"admin7949","Estimated reading time":"2 minutes"},"schema":{"@context":"https:\/\/schema.org","@graph":[{"@type":"Article","@id":"https:\/\/cambre-expo.be\/sessions-de-yoga-du-mercredi-13-mai-2026\/#article","isPartOf":{"@id":"https:\/\/cambre-expo.be\/sessions-de-yoga-du-mercredi-13-mai-2026\/"},"author":{"name":"admin7949","@id":"https:\/\/cambre-expo.be\/#\/schema\/person\/5e92165cfd10e86f6376b4c2b5efc92d"},"headline":"Sessions de yoga du mercredi 13 mai 2026","datePublished":"2026-04-22T12:53:43+00:00","dateModified":"2026-04-29T09:56:01+00:00","mainEntityOfPage":{"@id":"https:\/\/cambre-expo.be\/sessions-de-yoga-du-mercredi-13-mai-2026\/"},"wordCount":244,"image":{"@id":"https:\/\/cambre-expo.be\/sessions-de-yoga-du-mercredi-13-mai-2026\/#primaryimage"},"thumbnailUrl":"https:\/\/cambre-expo.be\/wp-content\/uploads\/2026\/04\/Yoga-affiche-FR-QR-code.png","articleSection":["Yoga","Futurs"],"inLanguage":"en-GB"},{"@type":"WebPage","@id":"https:\/\/cambre-expo.be\/sessions-de-yoga-du-mercredi-13-mai-2026\/","url":"https:\/\/cambre-expo.be\/sessions-de-yoga-du-mercredi-13-mai-2026\/","name":"Yoga sessions on Wednesday 13 May 2026 - Cambre Expo","isPartOf":{"@id":"https:\/\/cambre-expo.be\/#website"},"primaryImageOfPage":{"@id":"https:\/\/cambre-expo.be\/sessions-de-yoga-du-mercredi-13-mai-2026\/#primaryimage"},"image":{"@id":"https:\/\/cambre-expo.be\/sessions-de-yoga-du-mercredi-13-mai-2026\/#primaryimage"},"thumbnailUrl":"https:\/\/cambre-expo.be\/wp-content\/uploads\/2026\/04\/Yoga-affiche-FR-QR-code.png","datePublished":"2026-04-22T12:53:43+00:00","dateModified":"2026-04-29T09:56:01+00:00","author":{"@id":"https:\/\/cambre-expo.be\/#\/schema\/person\/5e92165cfd10e86f6376b4c2b5efc92d"},"breadcrumb":{"@id":"https:\/\/cambre-expo.be\/sessions-de-yoga-du-mercredi-13-mai-2026\/#breadcrumb"},"inLanguage":"en-GB","potentialAction":[{"@type":"ReadAction","target":["https:\/\/cambre-expo.be\/sessions-de-yoga-du-mercredi-13-mai-2026\/"]}]},{"@type":"ImageObject","inLanguage":"en-GB","@id":"https:\/\/cambre-expo.be\/sessions-de-yoga-du-mercredi-13-mai-2026\/#primaryimage","url":"https:\/\/cambre-expo.be\/wp-content\/uploads\/2026\/04\/Yoga-affiche-FR-QR-code.png","contentUrl":"https:\/\/cambre-expo.be\/wp-content\/uploads\/2026\/04\/Yoga-affiche-FR-QR-code.png","width":1414,"height":2000},{"@type":"BreadcrumbList","@id":"https:\/\/cambre-expo.be\/sessions-de-yoga-du-mercredi-13-mai-2026\/#breadcrumb","itemListElement":[{"@type":"ListItem","position":1,"name":"Accueil","item":"https:\/\/cambre-expo.be\/"},{"@type":"ListItem","position":2,"name":"Sessions de yoga du mercredi 13 mai 2026"}]},{"@type":"WebSite","@id":"https:\/\/cambre-expo.be\/#website","url":"https:\/\/cambre-expo.be\/","name":"Cambre Expo","description":"","potentialAction":[{"@type":"SearchAction","target":{"@type":"EntryPoint","urlTemplate":"https:\/\/cambre-expo.be\/?s={search_term_string}"},"query-input":{"@type":"PropertyValueSpecification","valueRequired":true,"valueName":"search_term_string"}}],"inLanguage":"en-GB"},{"@type":"Person","@id":"https:\/\/cambre-expo.be\/#\/schema\/person\/5e92165cfd10e86f6376b4c2b5efc92d","name":"admin7949","image":{"@type":"ImageObject","inLanguage":"en-GB","@id":"https:\/\/secure.gravatar.com\/avatar\/12d0c50f3281e1116c41a04c56348d0004082b2660dcdb66310f653080ed378a?s=96&d=mm&r=g","url":"https:\/\/secure.gravatar.com\/avatar\/12d0c50f3281e1116c41a04c56348d0004082b2660dcdb66310f653080ed378a?s=96&d=mm&r=g","contentUrl":"https:\/\/secure.gravatar.com\/avatar\/12d0c50f3281e1116c41a04c56348d0004082b2660dcdb66310f653080ed378a?s=96&d=mm&r=g","caption":"admin7949"},"sameAs":["http:\/\/orrtybm.cluster100.hosting.ovh.net"],"url":"https:\/\/cambre-expo.be\/en\/author\/admin7949\/"}]}},"_links":{"self":[{"href":"https:\/\/cambre-expo.be\/en\/wp-json\/wp\/v2\/posts\/1923","targetHints":{"allow":["GET"]}}],"collection":[{"href":"https:\/\/cambre-expo.be\/en\/wp-json\/wp\/v2\/posts"}],"about":[{"href":"https:\/\/cambre-expo.be\/en\/wp-json\/wp\/v2\/types\/post"}],"author":[{"embeddable":true,"href":"https:\/\/cambre-expo.be\/en\/wp-json\/wp\/v2\/users\/1"}],"replies":[{"embeddable":true,"href":"https:\/\/cambre-expo.be\/en\/wp-json\/wp\/v2\/comments?post=1923"}],"version-history":[{"count":29,"href":"https:\/\/cambre-expo.be\/en\/wp-json\/wp\/v2\/posts\/1923\/revisions"}],"predecessor-version":[{"id":2046,"href":"https:\/\/cambre-expo.be\/en\/wp-json\/wp\/v2\/posts\/1923\/revisions\/2046"}],"wp:featuredmedia":[{"embeddable":true,"href":"https:\/\/cambre-expo.be\/en\/wp-json\/wp\/v2\/media\/1988"}],"wp:attachment":[{"href":"https:\/\/cambre-expo.be\/en\/wp-json\/wp\/v2\/media?parent=1923"}],"wp:term":[{"taxonomy":"category","embeddable":true,"href":"https:\/\/cambre-expo.be\/en\/wp-json\/wp\/v2\/categories?post=1923"},{"taxonomy":"post_tag","embeddable":true,"href":"https:\/\/cambre-expo.be\/en\/wp-json\/wp\/v2\/tags?post=1923"}],"curies":[{"name":"wp","href":"https:\/\/api.w.org\/{rel}","templated":true}]}}